{"id":218,"date":"2008-03-04T17:28:23","date_gmt":"2008-03-04T16:28:23","guid":{"rendered":"https:\/\/www.1a-photoshop.de\/news\/orangen-auch-apfelsinen-genannt\/"},"modified":"2008-03-04T17:28:23","modified_gmt":"2008-03-04T16:28:23","slug":"orangen-auch-apfelsinen-genannt","status":"publish","type":"post","link":"https:\/\/www.1a-photoshop.de\/news\/orangen-auch-apfelsinen-genannt\/","title":{"rendered":"Orangen, auch Apfelsinen genannt"},"content":{"rendered":"<p>Noch so ein Aufatmen-Bild, die Fr\u00fcchte scheinen Sonne getankt zu haben. Kriege Durst und schmecke den Saft von<!--more--> Orangen (oder Apfelsinen?). F\u00fchle ich mich reif f\u00fcr einen S\u00fcdamerika-Urlaub. Da scheint bestimmt die Sonne. (Text: Kathrin Peschel; Foto &#038; \u00a9 Viktor Peschel)<\/p>\n<p style=\"text-align: center;\"><a href=\"https:\/\/www.1a-photoshop.de\/news\/wp-content\/zip\/orangen.zip\"><br \/>\n<img decoding=\"async\" alt=\"Orangen auch Apfelsine genannt\" title=\"Orangen auch Apfelsine genannt\" src=\"https:\/\/www.1a-photoshop.de\/news\/wp-content\/bilder\/orangen.jpg\" class=\"blogfoto\" \/><br \/>\n<img decoding=\"async\" alt=\"kostenloser-download\"  title=\"kostenloser-download\" src=\"https:\/\/www.1a-photoshop.de\/news\/wp-content\/bilder\/download.gif\" class=\"download\" \/><\/a><\/p>\n","protected":false},"excerpt":{"rendered":"<p>Noch so ein Aufatmen-Bild, die Fr\u00fcchte scheinen Sonne getankt zu haben. Kriege Durst und schmecke den Saft von<\/p>\n","protected":false},"author":1,"featured_media":0,"comment_status":"open","ping_status":"open","sticky":false,"template":"","format":"standard","meta":{"om_disable_all_campaigns":false,"_monsterinsights_skip_tracking":false,"_monsterinsights_sitenote_active":false,"_monsterinsights_sitenote_note":"","_monsterinsights_sitenote_category":0,"footnotes":""},"categories":[4],"tags":[],"class_list":["post-218","post","type-post","status-publish","format-standard","hentry","category-gratis-bilder"],"aioseo_notices":[],"_links":{"self":[{"href":"https:\/\/www.1a-photoshop.de\/news\/wp-json\/wp\/v2\/posts\/218"}],"collection":[{"href":"https:\/\/www.1a-photoshop.de\/news\/wp-json\/wp\/v2\/posts"}],"about":[{"href":"https:\/\/www.1a-photoshop.de\/news\/wp-json\/wp\/v2\/types\/post"}],"author":[{"embeddable":true,"href":"https:\/\/www.1a-photoshop.de\/news\/wp-json\/wp\/v2\/users\/1"}],"replies":[{"embeddable":true,"href":"https:\/\/www.1a-photoshop.de\/news\/wp-json\/wp\/v2\/comments?post=218"}],"version-history":[{"count":0,"href":"https:\/\/www.1a-photoshop.de\/news\/wp-json\/wp\/v2\/posts\/218\/revisions"}],"wp:attachment":[{"href":"https:\/\/www.1a-photoshop.de\/news\/wp-json\/wp\/v2\/media?parent=218"}],"wp:term":[{"taxonomy":"category","embeddable":true,"href":"https:\/\/www.1a-photoshop.de\/news\/wp-json\/wp\/v2\/categories?post=218"},{"taxonomy":"post_tag","embeddable":true,"href":"https:\/\/www.1a-photoshop.de\/news\/wp-json\/wp\/v2\/tags?post=218"}],"curies":[{"name":"wp","href":"https:\/\/api.w.org\/{rel}","templated":true}]}}