{"id":221,"date":"2008-03-04T17:16:34","date_gmt":"2008-03-04T16:16:34","guid":{"rendered":"https:\/\/www.1a-photoshop.de\/news\/ohne-bus-und-tram-in-berlin\/"},"modified":"2008-03-04T17:16:34","modified_gmt":"2008-03-04T16:16:34","slug":"ohne-bus-und-tram-in-berlin","status":"publish","type":"post","link":"https:\/\/www.1a-photoshop.de\/news\/ohne-bus-und-tram-in-berlin\/","title":{"rendered":"Ohne Bus und Tram in Berlin"},"content":{"rendered":"<p>Ab heute Nacht streiken zum wiederholten Mal die Bus-, Tram- und U-Bahnfahrer. Der Streik wird sich \u00fcber mehrere Tage erstrecken. <!--more--><br \/>\n<!--adsense#text--><\/p>\n<p><img decoding=\"async\" alt=\"Es wird gestreikt\" title=\"Es wird gestreikt\"  src=\"https:\/\/www.1a-photoshop.de\/news\/wp-content\/bilder\/es-wird-gestreikt.jpg\" class=\"anzeige\" \/><\/p>\n<p>F\u00fcr mich reduziert sich so ein Streikgeschehen immer auf pers\u00f6nliche Schicksale. Wie geht es einem Busfahrer, der nicht zur Arbeit geht, weil gestreikt wird? Und die andere Frage: Wie kommen wir ohne Auto und ohne Tram durch Berlin? Wie kommt mein Kind zur Schule? Bis jetzt war ich ganz cool und hab gedacht, das meiste schaffen wir ja mit dem Rad. Aber da drau\u00dfen sind jetzt Schneeregen und ziemlich ekliger Wind angesagt. Und wohl auch Bodenfrost. Da scheucht man ja nicht mal den Hund auf die Stra\u00dfe.<\/p>\n<p>Bleibt noch die Chance, Fahrgemeinschaften zu gr\u00fcnden. Aber bei uns in der Ecke wohnt keiner aus der Schule meines Sohnes. Und f\u00fcr die kleinen Nachmittagstouren zur Musikschule, zum Training etc. gibt\u00c2\u00b4s wohl keine Notl\u00f6sung &#8211; musset halt ausfalln.<\/p>\n<p>Wird eine ruhige Zeit, denk ich mal. Und wir werden uns mehr bewegen. Bleibt zu hoffen, dass die S-Bahn-Fahrer nicht auch noch streiken, denn dann kommen wir nicht zu unserer pflegebed\u00fcrftigen Oma. Und dann wird\u00c2\u00b4s f\u00fcr uns wirklich ernst.<\/p>\n<p><!--adsense#text--><\/p>\n","protected":false},"excerpt":{"rendered":"<p>Ab heute Nacht streiken zum wiederholten Mal die Bus-, Tram- und U-Bahnfahrer. Der Streik wird sich \u00fcber mehrere Tage erstrecken.<\/p>\n","protected":false},"author":1,"featured_media":0,"comment_status":"open","ping_status":"open","sticky":false,"template":"","format":"standard","meta":{"om_disable_all_campaigns":false,"_monsterinsights_skip_tracking":false,"_monsterinsights_sitenote_active":false,"_monsterinsights_sitenote_note":"","_monsterinsights_sitenote_category":0,"footnotes":""},"categories":[1],"tags":[],"class_list":["post-221","post","type-post","status-publish","format-standard","hentry","category-allgemein"],"aioseo_notices":[],"_links":{"self":[{"href":"https:\/\/www.1a-photoshop.de\/news\/wp-json\/wp\/v2\/posts\/221"}],"collection":[{"href":"https:\/\/www.1a-photoshop.de\/news\/wp-json\/wp\/v2\/posts"}],"about":[{"href":"https:\/\/www.1a-photoshop.de\/news\/wp-json\/wp\/v2\/types\/post"}],"author":[{"embeddable":true,"href":"https:\/\/www.1a-photoshop.de\/news\/wp-json\/wp\/v2\/users\/1"}],"replies":[{"embeddable":true,"href":"https:\/\/www.1a-photoshop.de\/news\/wp-json\/wp\/v2\/comments?post=221"}],"version-history":[{"count":0,"href":"https:\/\/www.1a-photoshop.de\/news\/wp-json\/wp\/v2\/posts\/221\/revisions"}],"wp:attachment":[{"href":"https:\/\/www.1a-photoshop.de\/news\/wp-json\/wp\/v2\/media?parent=221"}],"wp:term":[{"taxonomy":"category","embeddable":true,"href":"https:\/\/www.1a-photoshop.de\/news\/wp-json\/wp\/v2\/categories?post=221"},{"taxonomy":"post_tag","embeddable":true,"href":"https:\/\/www.1a-photoshop.de\/news\/wp-json\/wp\/v2\/tags?post=221"}],"curies":[{"name":"wp","href":"https:\/\/api.w.org\/{rel}","templated":true}]}}