{"id":270,"date":"2008-04-11T01:15:59","date_gmt":"2008-04-10T23:15:59","guid":{"rendered":"https:\/\/www.1a-photoshop.de\/news\/westseite-vom-paul-loebe-haus-bei-nacht\/"},"modified":"2008-04-12T01:17:51","modified_gmt":"2008-04-11T23:17:51","slug":"westseite-vom-paul-loebe-haus-bei-nacht","status":"publish","type":"post","link":"https:\/\/www.1a-photoshop.de\/news\/westseite-vom-paul-loebe-haus-bei-nacht\/","title":{"rendered":"Westseite vom Paul L\u00f6be Haus bei Nacht"},"content":{"rendered":"<p>Also, ehrlich gesagt, Viktor hat erst nachtr\u00e4glich \u00fcber Google Map rausbekommen, dass er da das Paul L\u00f6be Haus fotografiert hat. Standpunkt: Vom<!--more--> Bundeskanzleramt aus gesehen. Sieht cool aus. Paul L\u00f6be, geboren 1875, war SPD-Politiker, Reichstagspr\u00e4sident von 1920 bis 1932 und Alterspr\u00e4sident des Deutschen Bundestages w\u00e4hrend der ersten Legislaturperiode. Wenn man von der Fassade was ablesen k\u00f6nnte, war er jemand, der gerne mal die Richtung wechselt, eingesperrt ist, sich nach Farbe sehnt, sie aber nur selten zu sehen bekommt und jede Menge Ecken und Kanten hat. Mal sehn, ob ich da Fettn\u00e4pfchen erwischt hab! Witzig finde ich die Fahrradlenker am unteren Bildrand. (Text: Kathrin Peschel; Foto &#038; \u00a9 Viktor Peschel)<\/p>\n<p style=\"text-align: center;\"><a href=\"https:\/\/www.1a-photoshop.de\/news\/wp-content\/zip\/paul-loebe-haus.zip\"><br \/>\n<img decoding=\"async\" alt=\"Paul L\u00f6be Haus\" title=\"Paul L\u00f6be Haus\" src=\"https:\/\/www.1a-photoshop.de\/news\/wp-content\/bilder\/paul-loebe-haus.jpg\" class=\"blogfoto\" \/><br \/>\n<img decoding=\"async\" alt=\"kostenloser-download\"  title=\"kostenloser-download\" src=\"https:\/\/www.1a-photoshop.de\/news\/wp-content\/bilder\/download.gif\" class=\"download\" \/><\/a><\/p>\n","protected":false},"excerpt":{"rendered":"<p>Also, ehrlich gesagt, Viktor hat erst nachtr\u00e4glich \u00fcber Google Map rausbekommen, dass er da das Paul L\u00f6be Haus fotografiert hat. Standpunkt: Vom<\/p>\n","protected":false},"author":1,"featured_media":0,"comment_status":"open","ping_status":"open","sticky":false,"template":"","format":"standard","meta":{"om_disable_all_campaigns":false,"_monsterinsights_skip_tracking":false,"_monsterinsights_sitenote_active":false,"_monsterinsights_sitenote_note":"","_monsterinsights_sitenote_category":0,"footnotes":""},"categories":[4],"tags":[],"class_list":["post-270","post","type-post","status-publish","format-standard","hentry","category-gratis-bilder"],"aioseo_notices":[],"_links":{"self":[{"href":"https:\/\/www.1a-photoshop.de\/news\/wp-json\/wp\/v2\/posts\/270"}],"collection":[{"href":"https:\/\/www.1a-photoshop.de\/news\/wp-json\/wp\/v2\/posts"}],"about":[{"href":"https:\/\/www.1a-photoshop.de\/news\/wp-json\/wp\/v2\/types\/post"}],"author":[{"embeddable":true,"href":"https:\/\/www.1a-photoshop.de\/news\/wp-json\/wp\/v2\/users\/1"}],"replies":[{"embeddable":true,"href":"https:\/\/www.1a-photoshop.de\/news\/wp-json\/wp\/v2\/comments?post=270"}],"version-history":[{"count":0,"href":"https:\/\/www.1a-photoshop.de\/news\/wp-json\/wp\/v2\/posts\/270\/revisions"}],"wp:attachment":[{"href":"https:\/\/www.1a-photoshop.de\/news\/wp-json\/wp\/v2\/media?parent=270"}],"wp:term":[{"taxonomy":"category","embeddable":true,"href":"https:\/\/www.1a-photoshop.de\/news\/wp-json\/wp\/v2\/categories?post=270"},{"taxonomy":"post_tag","embeddable":true,"href":"https:\/\/www.1a-photoshop.de\/news\/wp-json\/wp\/v2\/tags?post=270"}],"curies":[{"name":"wp","href":"https:\/\/api.w.org\/{rel}","templated":true}]}}