{"id":359,"date":"2008-09-03T15:21:12","date_gmt":"2008-09-03T13:21:12","guid":{"rendered":"https:\/\/www.1a-photoshop.de\/news\/weiblicher-holzkopf\/"},"modified":"2008-09-03T19:06:16","modified_gmt":"2008-09-03T17:06:16","slug":"weiblicher-holzkopf","status":"publish","type":"post","link":"https:\/\/www.1a-photoshop.de\/news\/weiblicher-holzkopf\/","title":{"rendered":"Weiblicher Holzkopf"},"content":{"rendered":"<p>Heute nun der zweite Holzkopf des ungew\u00f6hnlichen Fundes von der Oder. Sah das gestrige Exemplar eher m\u00e4nnlich aus, so ist das heutige eher ein<!--more--> weiblicher Holzkopf. Ein Gl\u00fcck, so gibt es wenigstens keinen Geschlechterkrieg. Leider sind die Holzk\u00f6pfe mittlerweile wieder verschwunden. Wei\u00df jemand wohin?  (Foto &#038; \u00a9 Viktor Peschel)<\/p>\n<p style=\"text-align: center;\"><a href=\"https:\/\/www.1a-photoshop.de\/news\/wp-content\/zip\/weiblicher-holzkopf.zip\"><br \/>\n<img decoding=\"async\" alt=\"weiblicher Holzkopf\" title=\"weiblicher Holzkopf\" src=\"https:\/\/www.1a-photoshop.de\/news\/wp-content\/bilder\/weiblicher-holzkopf.jpg\" class=\"blogfoto\" \/><br \/>\n<img decoding=\"async\" alt=\"kostenloser download der Fotos\"  title=\"kostenloser download der Fotos\" src=\"https:\/\/www.1a-photoshop.de\/news\/wp-content\/bilder\/download.gif\" class=\"download\" \/><\/a><\/p>\n","protected":false},"excerpt":{"rendered":"<p>Heute nun der zweite Holzkopf des ungew\u00f6hnlichen Fundes von der Oder. Sah das gestrige Exemplar eher m\u00e4nnlich aus, so ist das heutige eher ein<\/p>\n","protected":false},"author":1,"featured_media":0,"comment_status":"open","ping_status":"open","sticky":false,"template":"","format":"standard","meta":{"om_disable_all_campaigns":false,"_monsterinsights_skip_tracking":false,"_monsterinsights_sitenote_active":false,"_monsterinsights_sitenote_note":"","_monsterinsights_sitenote_category":0,"footnotes":""},"categories":[4],"tags":[],"class_list":["post-359","post","type-post","status-publish","format-standard","hentry","category-gratis-bilder"],"aioseo_notices":[],"_links":{"self":[{"href":"https:\/\/www.1a-photoshop.de\/news\/wp-json\/wp\/v2\/posts\/359"}],"collection":[{"href":"https:\/\/www.1a-photoshop.de\/news\/wp-json\/wp\/v2\/posts"}],"about":[{"href":"https:\/\/www.1a-photoshop.de\/news\/wp-json\/wp\/v2\/types\/post"}],"author":[{"embeddable":true,"href":"https:\/\/www.1a-photoshop.de\/news\/wp-json\/wp\/v2\/users\/1"}],"replies":[{"embeddable":true,"href":"https:\/\/www.1a-photoshop.de\/news\/wp-json\/wp\/v2\/comments?post=359"}],"version-history":[{"count":0,"href":"https:\/\/www.1a-photoshop.de\/news\/wp-json\/wp\/v2\/posts\/359\/revisions"}],"wp:attachment":[{"href":"https:\/\/www.1a-photoshop.de\/news\/wp-json\/wp\/v2\/media?parent=359"}],"wp:term":[{"taxonomy":"category","embeddable":true,"href":"https:\/\/www.1a-photoshop.de\/news\/wp-json\/wp\/v2\/categories?post=359"},{"taxonomy":"post_tag","embeddable":true,"href":"https:\/\/www.1a-photoshop.de\/news\/wp-json\/wp\/v2\/tags?post=359"}],"curies":[{"name":"wp","href":"https:\/\/api.w.org\/{rel}","templated":true}]}}