{"id":427,"date":"2008-10-24T21:06:11","date_gmt":"2008-10-24T20:06:11","guid":{"rendered":"https:\/\/www.1a-photoshop.de\/news\/der-berliner-gendarmenmarkt-beim-festival-of-light\/"},"modified":"2008-12-01T23:24:49","modified_gmt":"2008-12-01T22:24:49","slug":"der-berliner-gendarmenmarkt-beim-festival-of-light","status":"publish","type":"post","link":"https:\/\/www.1a-photoshop.de\/news\/der-berliner-gendarmenmarkt-beim-festival-of-light\/","title":{"rendered":"Der Berliner Gendarmenmarkt beim Festival of Light"},"content":{"rendered":"<p>Das Foto ist genial &#8211; genau so knallbunt haben die vielen Scheinwerfer die Dome und den Platz beleuchtet. Ziemlich kitschig und k\u00fchl, haben die Lichter des Festival of Light<!--more--> doch den Berliner Gendarmenmarkt total ver\u00e4ndert, manches besonders fokussiert. So wie an diesem Abend habe ich den L\u00f6wen vor dem Konzerthaus beispielsweise noch nie gesehen. Ein bisschen spiegelt das Bild aber wider, wie sich der Gendarmenmarkt auch anf\u00fchlt: Nobel-Hotels und ihre betuchten G\u00e4ste mit Edelkutschen bestimmen das Flair. Auf dem Foto sieht das vorbeifahrende Auto aus wie eine der riesigen Limousinen.  (Text: Kathrin Peschel; Foto &#038; \u00a9 Viktor Peschel)<\/p>\n<p style=\"text-align: center;\"><a href=\"https:\/\/www.1a-photoshop.de\/news\/wp-content\/zip\/gendarmenmarkt-berlin-festival-of-light.zip\"><br \/>\n<img decoding=\"async\" alt=\"Berliner Gendarmenmarkt beim Festival of Light\" title=\"Berliner Gendarmenmarkt beim Festival of Light\" src=\"https:\/\/www.1a-photoshop.de\/news\/wp-content\/bilder\/gendarmenmarkt-berlin-festival-of-light.jpg\" class=\"blogfoto\" \/><br \/>\n<img decoding=\"async\" alt=\"kostenloser download der Fotos\"  title=\"kostenloser download der Fotos\" src=\"https:\/\/www.1a-photoshop.de\/news\/wp-content\/bilder\/download.gif\" class=\"download\" \/><\/a><\/p>\n","protected":false},"excerpt":{"rendered":"<p>Das Foto ist genial &#8211; genau so knallbunt haben die vielen Scheinwerfer die Dome und den Platz beleuchtet. Ziemlich kitschig und k\u00fchl, haben die Lichter des Festival of Light<\/p>\n","protected":false},"author":1,"featured_media":0,"comment_status":"open","ping_status":"open","sticky":false,"template":"","format":"standard","meta":{"om_disable_all_campaigns":false,"_monsterinsights_skip_tracking":false,"_monsterinsights_sitenote_active":false,"_monsterinsights_sitenote_note":"","_monsterinsights_sitenote_category":0,"footnotes":""},"categories":[4],"tags":[],"class_list":["post-427","post","type-post","status-publish","format-standard","hentry","category-gratis-bilder"],"aioseo_notices":[],"_links":{"self":[{"href":"https:\/\/www.1a-photoshop.de\/news\/wp-json\/wp\/v2\/posts\/427"}],"collection":[{"href":"https:\/\/www.1a-photoshop.de\/news\/wp-json\/wp\/v2\/posts"}],"about":[{"href":"https:\/\/www.1a-photoshop.de\/news\/wp-json\/wp\/v2\/types\/post"}],"author":[{"embeddable":true,"href":"https:\/\/www.1a-photoshop.de\/news\/wp-json\/wp\/v2\/users\/1"}],"replies":[{"embeddable":true,"href":"https:\/\/www.1a-photoshop.de\/news\/wp-json\/wp\/v2\/comments?post=427"}],"version-history":[{"count":0,"href":"https:\/\/www.1a-photoshop.de\/news\/wp-json\/wp\/v2\/posts\/427\/revisions"}],"wp:attachment":[{"href":"https:\/\/www.1a-photoshop.de\/news\/wp-json\/wp\/v2\/media?parent=427"}],"wp:term":[{"taxonomy":"category","embeddable":true,"href":"https:\/\/www.1a-photoshop.de\/news\/wp-json\/wp\/v2\/categories?post=427"},{"taxonomy":"post_tag","embeddable":true,"href":"https:\/\/www.1a-photoshop.de\/news\/wp-json\/wp\/v2\/tags?post=427"}],"curies":[{"name":"wp","href":"https:\/\/api.w.org\/{rel}","templated":true}]}}