{"id":581,"date":"2009-12-05T23:50:14","date_gmt":"2009-12-05T22:50:14","guid":{"rendered":"https:\/\/www.1a-photoshop.de\/news\/die-weihnachtsgeschichte\/"},"modified":"2010-02-10T00:23:23","modified_gmt":"2010-02-09T23:23:23","slug":"die-weihnachtsgeschichte","status":"publish","type":"post","link":"https:\/\/www.1a-photoshop.de\/news\/die-weihnachtsgeschichte\/","title":{"rendered":"Die Weihnachtsgeschichte"},"content":{"rendered":"<h1>Die Volksz\u00e4hlung<\/h1>\n<p>Eines Tages befahl der m\u00e4chtige K\u00f6nig Herodes, eine Volksz\u00e4hlung durchzuf\u00fchren.<!--more--> Er schickte Boten zu den Heerf\u00fchrern verschiedener Provinzen. (\u00a9 Text &#038; Foto: Paolo Bernewitz u. Paula Hausmann)<\/p>\n<p style=\"text-align: center;\">\n<img decoding=\"async\" alt=\"Volksz\u00e4hlung - Weihnachtsgeschichte\" title=\"Volksz\u00e4hlung - Weihnachtsgeschichte\" src=\"https:\/\/www.1a-photoshop.de\/news\/wp-content\/weihnachtsgeschichte\/volkszaehlung-herodes.jpg\" class=\"blogfoto\" \/>\n<\/p>\n<p style=\"text-align:center;\">\n<a href=\"https:\/\/www.1a-photoshop.de\/news\/aufruf-zur-volkszaehlung\/\">zum n\u00e4chsten Bild &#8230;<\/a><\/p>\n<h1>The Historie &#8211; Warum die Fotos entstanden.<\/h1>\n<p>Alles begann damit, dass ein Papa seinen Kindern sehr deutlich zu verstehen gab, dass er dieses Jahr auf gar keinen Fall etwas Gekauftes als Weihnachtsgeschenk m\u00f6chte. Gl\u00fccklicherweise fiel Paolo und Paula sehr schnell etwas ein.<\/p>\n<p>Und so kam es, dass sie sich f\u00fcr drei lange Nachmittage in ihr Kinderzimmer einschlossen und eifrigst bastelten. Sie haben es geschafft, die Weihnachtsgeschichte von der Geburt Jesu mit Hilfe von Playmobilfiguren und einem Schal und nat\u00fcrlich Papas guter Kamera fotografisch nachzuerz\u00e4hlen und in einem Copyshop drucken zu lassen. <\/p>\n<p>Erfreulicherweise zeigten sie mir ihr Kunstwerk. Am Anfang dachte ich: &#8222;Na gut, mal sehen was dabei so heraus gekommen ist.&#8220; Eigentlich wollte ich mich gar nicht darauf einlassen und das Heft einfach nur schnell durchbl\u00e4ttern. Aber nach ein paar Bilder schon war ich richtig ber\u00fchrt davon.<\/p>\n<p>Ich habe die Weihnachtsgeschichte schon oft gesehen und geh\u00f6rt, aber es war f\u00fcr mich etwas Besonderes, diese Bilder zu ansehen. Als Fotograf wusste ich sofort, wieviel Zeit und Herzblut die Beiden investiert haben m\u00fcssen.<\/p>\n<p>Spontan fragte ich sie, ob ich ihre Weihnachtsgeschichte auf meiner Webseite ver\u00f6ffentlichen darf, und so gibt es jetzt bis zum 23.12.2009 jeden Tag ein Bild aus Weihnachtsgeschichte. Passt doch super in die Adventszeit! Text, Licht, Aufbau und Fotos sind von der zw\u00f6lfj\u00e4hrigen Paula und vom f\u00fcnfzehnj\u00e4hrigen Paolo.<\/p>\n<p>Wir wollen, dass viele die Geschichte sehen, sagt es also weiter oder verlinkt es. Wer ein Bild benutzen m\u00f6chte, kann dies gerne tun, sollte aber ein Link hierher setzen. Und jetzt geht\u00c2\u00b4s los. <\/p>\n<h2 class=\"suwr\">Suchbegriffe f\u00fcr gratis Fotos bzw. Kostenlose Bilder:<\/h2>\n<h2 class=\"suwr\">Weihnachtsgeschichte, Christmas, Story, Volksz\u00e4hlung, Herodes, Israel, K\u00f6nig, Geburt, Christi, Christus, Jesus, Jesu, Jesuzeiten <\/h2>\n<p>&nbsp;<\/p>\n","protected":false},"excerpt":{"rendered":"<p>Die Volksz\u00e4hlung Eines Tages befahl der m\u00e4chtige K\u00f6nig Herodes, eine Volksz\u00e4hlung durchzuf\u00fchren.<\/p>\n","protected":false},"author":1,"featured_media":0,"comment_status":"open","ping_status":"open","sticky":false,"template":"","format":"standard","meta":{"om_disable_all_campaigns":false,"_monsterinsights_skip_tracking":false,"_monsterinsights_sitenote_active":false,"_monsterinsights_sitenote_note":"","_monsterinsights_sitenote_category":0,"footnotes":""},"categories":[11],"tags":[],"class_list":["post-581","post","type-post","status-publish","format-standard","hentry","category-weihnachtsgeschichte"],"aioseo_notices":[],"_links":{"self":[{"href":"https:\/\/www.1a-photoshop.de\/news\/wp-json\/wp\/v2\/posts\/581"}],"collection":[{"href":"https:\/\/www.1a-photoshop.de\/news\/wp-json\/wp\/v2\/posts"}],"about":[{"href":"https:\/\/www.1a-photoshop.de\/news\/wp-json\/wp\/v2\/types\/post"}],"author":[{"embeddable":true,"href":"https:\/\/www.1a-photoshop.de\/news\/wp-json\/wp\/v2\/users\/1"}],"replies":[{"embeddable":true,"href":"https:\/\/www.1a-photoshop.de\/news\/wp-json\/wp\/v2\/comments?post=581"}],"version-history":[{"count":0,"href":"https:\/\/www.1a-photoshop.de\/news\/wp-json\/wp\/v2\/posts\/581\/revisions"}],"wp:attachment":[{"href":"https:\/\/www.1a-photoshop.de\/news\/wp-json\/wp\/v2\/media?parent=581"}],"wp:term":[{"taxonomy":"category","embeddable":true,"href":"https:\/\/www.1a-photoshop.de\/news\/wp-json\/wp\/v2\/categories?post=581"},{"taxonomy":"post_tag","embeddable":true,"href":"https:\/\/www.1a-photoshop.de\/news\/wp-json\/wp\/v2\/tags?post=581"}],"curies":[{"name":"wp","href":"https:\/\/api.w.org\/{rel}","templated":true}]}}