{"id":587,"date":"2009-12-10T11:52:12","date_gmt":"2009-12-10T10:52:12","guid":{"rendered":"https:\/\/www.1a-photoshop.de\/news\/der-stall-von-betlehem\/"},"modified":"2010-02-05T20:51:35","modified_gmt":"2010-02-05T19:51:35","slug":"der-stall-von-betlehem","status":"publish","type":"post","link":"https:\/\/www.1a-photoshop.de\/news\/der-stall-von-betlehem\/","title":{"rendered":"Der Stall von Betlehem"},"content":{"rendered":"<p>Er f\u00fchrte Joseph und Maria zu dem Stall. Der Stall war sehr einfach gebaut, trotzdem waren sie gl\u00fccklich ein Dach <!--more-->\u00fcber dem Kopf zu haben.<\/p>\n<p style=\"text-align: center;\">\n<img decoding=\"async\" alt=\"Der Stall von Betlehem\" title=\"Der Stall von Betlehem\" src=\"https:\/\/www.1a-photoshop.de\/news\/wp-content\/weihnachtsgeschichte\/der-stall.jpg\" class=\"blogfoto\" \/>\n<\/p>\n<h2 class=\"suwr\">Suchbegriffe f\u00fcr gratis Fotos bzw. Kostenlose Bilder:<\/h2>\n<h2 class=\"suwr\">Stall, Wirt, Wirtsmann, Betlehem, Israel, Weihnachtsgeschichte, Volksz\u00e4hlung, Jesu, Jesus, Maria, Joseph, Josef, Geburt, Christi<\/h2>\n<p>&nbsp;<\/p>\n","protected":false},"excerpt":{"rendered":"<p>Er f\u00fchrte Joseph und Maria zu dem Stall. Der Stall war sehr einfach gebaut, trotzdem waren sie gl\u00fccklich ein Dach<\/p>\n","protected":false},"author":1,"featured_media":0,"comment_status":"open","ping_status":"open","sticky":false,"template":"","format":"standard","meta":{"om_disable_all_campaigns":false,"_monsterinsights_skip_tracking":false,"_monsterinsights_sitenote_active":false,"_monsterinsights_sitenote_note":"","_monsterinsights_sitenote_category":0,"footnotes":""},"categories":[11],"tags":[],"class_list":["post-587","post","type-post","status-publish","format-standard","hentry","category-weihnachtsgeschichte"],"aioseo_notices":[],"_links":{"self":[{"href":"https:\/\/www.1a-photoshop.de\/news\/wp-json\/wp\/v2\/posts\/587"}],"collection":[{"href":"https:\/\/www.1a-photoshop.de\/news\/wp-json\/wp\/v2\/posts"}],"about":[{"href":"https:\/\/www.1a-photoshop.de\/news\/wp-json\/wp\/v2\/types\/post"}],"author":[{"embeddable":true,"href":"https:\/\/www.1a-photoshop.de\/news\/wp-json\/wp\/v2\/users\/1"}],"replies":[{"embeddable":true,"href":"https:\/\/www.1a-photoshop.de\/news\/wp-json\/wp\/v2\/comments?post=587"}],"version-history":[{"count":0,"href":"https:\/\/www.1a-photoshop.de\/news\/wp-json\/wp\/v2\/posts\/587\/revisions"}],"wp:attachment":[{"href":"https:\/\/www.1a-photoshop.de\/news\/wp-json\/wp\/v2\/media?parent=587"}],"wp:term":[{"taxonomy":"category","embeddable":true,"href":"https:\/\/www.1a-photoshop.de\/news\/wp-json\/wp\/v2\/categories?post=587"},{"taxonomy":"post_tag","embeddable":true,"href":"https:\/\/www.1a-photoshop.de\/news\/wp-json\/wp\/v2\/tags?post=587"}],"curies":[{"name":"wp","href":"https:\/\/api.w.org\/{rel}","templated":true}]}}