{"id":800,"date":"2012-02-15T11:19:04","date_gmt":"2012-02-15T10:19:04","guid":{"rendered":"https:\/\/www.1a-photoshop.de\/news\/100-portraets-von-jim-rakete-im-willy-brandt-haus-berlin\/"},"modified":"2012-02-15T11:19:04","modified_gmt":"2012-02-15T10:19:04","slug":"100-portraets-von-jim-rakete-im-willy-brandt-haus-berlin","status":"publish","type":"post","link":"https:\/\/www.1a-photoshop.de\/news\/100-portraets-von-jim-rakete-im-willy-brandt-haus-berlin\/","title":{"rendered":"100 Portr\u00e4ts von Jim Rakete  im Willy-Brandt-Haus Berlin"},"content":{"rendered":"<p>Anl\u00e4sslich der 62. Internationalen Filmfestspiele Berlin hat der Freundeskreis des Willy-Brandt-Hauses eine kleine Fotoausstellung organisiert. Ausgestellt werden 100 Portr\u00e4ts von Jim Rakete  f\u00fcr das<!--more--> Deutsche Filmmuseum. Die Fotoausstellung l\u00e4uft unter dem Titel &#8222;Jim Rakete &#8211; Stand der Dinge&#8220; und findet vom 14. Februar bis 25. M\u00e4rz 2012 im Willy-Brandt-Haus Berlin statt. <\/p>\n<p>Von 2009 bis 2011 fotografierte Jim Rakete deutsche Filmschaffende darunter Schauspieler, Produzenten und Regisseure im Auftrag des Deutschen Filmmuseums. <\/p>\n<p><strong>Ausstellungs-Adresse:<\/strong><br \/>\nWilly-Brandt-Haus<br \/>\nWilhelmstra\u00dfe 140 \/ Stresemannstra\u00dfe 28<br \/>\n10963 Berlin-Kreuzberg <\/p>\n<p><strong>\u00d6ffnungszeiten der Kunstausstellungen<\/strong><br \/>\nDienstag bis Sonntag 12.00-18.00 Uhr<br \/>\nMontag geschlossen <\/p>\n<p><strong>Hinweis: <\/strong>Bitte nehmen Sie Ihren Reisepass, Personalausweis oder F\u00fchrerschein mit.<\/p>\n<p><!--adsense#text--><\/p>\n","protected":false},"excerpt":{"rendered":"<p>Anl\u00e4sslich der 62. Internationalen Filmfestspiele Berlin hat der Freundeskreis des Willy-Brandt-Hauses eine kleine Fotoausstellung organisiert. Ausgestellt werden 100 Portr\u00e4ts von Jim Rakete f\u00fcr das<\/p>\n","protected":false},"author":1,"featured_media":0,"comment_status":"open","ping_status":"open","sticky":false,"template":"","format":"standard","meta":{"om_disable_all_campaigns":false,"_monsterinsights_skip_tracking":false,"_monsterinsights_sitenote_active":false,"_monsterinsights_sitenote_note":"","_monsterinsights_sitenote_category":0,"footnotes":""},"categories":[5],"tags":[],"class_list":["post-800","post","type-post","status-publish","format-standard","hentry","category-ausstellungen"],"aioseo_notices":[],"_links":{"self":[{"href":"https:\/\/www.1a-photoshop.de\/news\/wp-json\/wp\/v2\/posts\/800"}],"collection":[{"href":"https:\/\/www.1a-photoshop.de\/news\/wp-json\/wp\/v2\/posts"}],"about":[{"href":"https:\/\/www.1a-photoshop.de\/news\/wp-json\/wp\/v2\/types\/post"}],"author":[{"embeddable":true,"href":"https:\/\/www.1a-photoshop.de\/news\/wp-json\/wp\/v2\/users\/1"}],"replies":[{"embeddable":true,"href":"https:\/\/www.1a-photoshop.de\/news\/wp-json\/wp\/v2\/comments?post=800"}],"version-history":[{"count":0,"href":"https:\/\/www.1a-photoshop.de\/news\/wp-json\/wp\/v2\/posts\/800\/revisions"}],"wp:attachment":[{"href":"https:\/\/www.1a-photoshop.de\/news\/wp-json\/wp\/v2\/media?parent=800"}],"wp:term":[{"taxonomy":"category","embeddable":true,"href":"https:\/\/www.1a-photoshop.de\/news\/wp-json\/wp\/v2\/categories?post=800"},{"taxonomy":"post_tag","embeddable":true,"href":"https:\/\/www.1a-photoshop.de\/news\/wp-json\/wp\/v2\/tags?post=800"}],"curies":[{"name":"wp","href":"https:\/\/api.w.org\/{rel}","templated":true}]}}